{"id":2949,"date":"2025-12-24T12:10:23","date_gmt":"2025-12-24T11:10:23","guid":{"rendered":"https:\/\/gottschalk.be\/?p=2949"},"modified":"2025-12-24T12:11:12","modified_gmt":"2025-12-24T11:11:12","slug":"mon-audition-se-deteriore-t-elle-quand-je-porte-des-appareils-auditifs","status":"publish","type":"post","link":"https:\/\/gottschalk.be\/fr\/mon-audition-se-deteriore-t-elle-quand-je-porte-des-appareils-auditifs\/","title":{"rendered":"Mon audition se d\u00e9t\u00e9riore-t-elle quand je porte des appareils auditifs ?"},"content":{"rendered":"\t\t<div data-elementor-type=\"wp-post\" data-elementor-id=\"2949\" class=\"elementor elementor-2949\" data-elementor-post-type=\"post\">\n\t\t\t\t\t\t<section class=\"has_ae_slider elementor-section elementor-top-section elementor-element elementor-element-2d168b6 elementor-section-boxed elementor-section-height-default elementor-section-height-default ae-bg-gallery-type-default\" data-id=\"2d168b6\" data-element_type=\"section\">\n\t\t\t\t\t\t<div class=\"elementor-container elementor-column-gap-default\">\n\t\t\t\t\t<div class=\"has_ae_slider elementor-column elementor-col-100 elementor-top-column elementor-element elementor-element-eb59216 ae-bg-gallery-type-default\" data-id=\"eb59216\" data-element_type=\"column\">\n\t\t\t<div class=\"elementor-widget-wrap elementor-element-populated\">\n\t\t\t\t\t\t<div class=\"elementor-element elementor-element-7fa8afd elementor-widget elementor-widget-text-editor\" data-id=\"7fa8afd\" data-element_type=\"widget\" data-widget_type=\"text-editor.default\">\n\t\t\t\t<div class=\"elementor-widget-container\">\n\t\t\t\t\t\t\t<p><span style=\"font-family: helvetica, arial, sans-serif;font-size: 14pt\">Commen\u00e7ons par r\u00e9pondre clairement : <strong>non, c\u2019est faux<\/strong>. Les appareils auditifs <strong>n\u2019ab\u00eement pas<\/strong> votre audition.<\/span><\/p><p><span style=\"font-family: helvetica, arial, sans-serif;font-size: 14pt\">Il est pourtant tr\u00e8s courant que les nouveaux utilisateurs se posent cette question. Dans cet article, nous vous expliquons pourquoi il peut parfois <em>sembler<\/em> que votre audition se d\u00e9grade alors que ce n\u2019est pas le cas et pourquoi le <strong>cerveau<\/strong> joue un r\u00f4le essentiel dans cette impression.<\/span><\/p>\t\t\t\t\t\t<\/div>\n\t\t\t\t<\/div>\n\t\t\t\t<div class=\"elementor-element elementor-element-379b588 elementor-widget elementor-widget-spacer\" data-id=\"379b588\" data-element_type=\"widget\" data-widget_type=\"spacer.default\">\n\t\t\t\t<div class=\"elementor-widget-container\">\n\t\t\t\t\t<div class=\"elementor-spacer\">\n\t\t\t<div class=\"elementor-spacer-inner\"><\/div>\n\t\t<\/div>\n\t\t\t\t<\/div>\n\t\t\t\t<\/div>\n\t\t\t\t\t<\/div>\n\t\t<\/div>\n\t\t\t\t\t<\/div>\n\t\t<\/section>\n\t\t\t\t<section class=\"has_ae_slider elementor-section elementor-top-section elementor-element elementor-element-f4c8933 elementor-section-boxed elementor-section-height-default elementor-section-height-default ae-bg-gallery-type-default\" data-id=\"f4c8933\" data-element_type=\"section\">\n\t\t\t\t\t\t<div class=\"elementor-container elementor-column-gap-default\">\n\t\t\t\t\t<div class=\"has_ae_slider elementor-column elementor-col-100 elementor-top-column elementor-element elementor-element-606c82e ae-bg-gallery-type-default\" data-id=\"606c82e\" data-element_type=\"column\">\n\t\t\t<div class=\"elementor-widget-wrap elementor-element-populated\">\n\t\t\t\t\t\t<div class=\"elementor-element elementor-element-730394b elementor-widget elementor-widget-heading\" data-id=\"730394b\" data-element_type=\"widget\" data-widget_type=\"heading.default\">\n\t\t\t\t<div class=\"elementor-widget-container\">\n\t\t\t<h2 class=\"elementor-heading-title elementor-size-default\">Pourquoi a-t-on l\u2019impression que l\u2019audition r\u00e9gresse ?<\/h2>\t\t<\/div>\n\t\t\t\t<\/div>\n\t\t\t\t\t<\/div>\n\t\t<\/div>\n\t\t\t\t\t<\/div>\n\t\t<\/section>\n\t\t\t\t<section class=\"has_ae_slider elementor-section elementor-top-section elementor-element elementor-element-5063d17 elementor-section-boxed elementor-section-height-default elementor-section-height-default ae-bg-gallery-type-default\" data-id=\"5063d17\" data-element_type=\"section\">\n\t\t\t\t\t\t<div class=\"elementor-container elementor-column-gap-default\">\n\t\t\t\t\t<div class=\"has_ae_slider elementor-column elementor-col-100 elementor-top-column elementor-element elementor-element-d2db8bc ae-bg-gallery-type-default\" data-id=\"d2db8bc\" data-element_type=\"column\">\n\t\t\t<div class=\"elementor-widget-wrap elementor-element-populated\">\n\t\t\t\t\t\t<div class=\"elementor-element elementor-element-6934813 elementor-widget elementor-widget-text-editor\" data-id=\"6934813\" data-element_type=\"widget\" data-widget_type=\"text-editor.default\">\n\t\t\t\t<div class=\"elementor-widget-container\">\n\t\t\t\t\t\t\t<p><span style=\"font-size: 12pt;font-family: helvetica, arial, sans-serif\">Lorsque vous vivez depuis longtemps avec <a title=\"L'oreille et les differents types de pertes auditives\" href=\"https:\/\/gottschalk.be\/fr\/loreille-et-les-differents-types-de-pertes-auditives\/\" target=\"_blank\" rel=\"noopener\">une perte auditive<\/a>, votre cerveau s\u2019adapte.<\/span><br \/><span style=\"font-size: 12pt;font-family: helvetica, arial, sans-serif\">Vous vous habituez, souvent sans vous en rendre compte, \u00e0 entendre moins bien et \u00e0 percevoir moins de sons. Cela devient votre nouveau \u00ab normal \u00bb.<\/span><\/p><p><span style=\"font-size: 12pt;font-family: helvetica, arial, sans-serif\">Lorsque vous commencez \u00e0 porter des appareils auditifs, vous r\u00e9entendez soudain des sons que vous aviez oubli\u00e9s. Pour le cerveau, cela peut \u00eatre tr\u00e8s \u00e9trange pendant les premi\u00e8res semaines, parfois m\u00eame les premiers mois. Il doit se r\u00e9habituer \u00e0 ces sons plus riches et amplifi\u00e9s, jusqu\u2019\u00e0 ce qu\u2019ils redeviennent \u00ab normaux \u00bb.<\/span><\/p><p><span style=\"font-size: 12pt;font-family: helvetica, arial, sans-serif\">C\u2019est pourquoi il est indispensable de<strong> porter vos appareils auditifs<\/strong> <strong>tous les jours<\/strong>, pendant plusieurs heures. <strong>Sans cette r\u00e9gularit\u00e9, le cerveau ne pourra jamais vraiment s\u2019adapter, et vous ne b\u00e9n\u00e9ficierez pas pleinement de l\u2019aide de vos appareils.<\/strong><\/span><\/p>\t\t\t\t\t\t<\/div>\n\t\t\t\t<\/div>\n\t\t\t\t\t<\/div>\n\t\t<\/div>\n\t\t\t\t\t<\/div>\n\t\t<\/section>\n\t\t\t\t<section class=\"has_ae_slider elementor-section elementor-top-section elementor-element elementor-element-cbda27a elementor-section-boxed elementor-section-height-default elementor-section-height-default ae-bg-gallery-type-default\" data-id=\"cbda27a\" data-element_type=\"section\">\n\t\t\t\t\t\t<div class=\"elementor-container elementor-column-gap-default\">\n\t\t\t\t\t<div class=\"has_ae_slider elementor-column elementor-col-100 elementor-top-column elementor-element elementor-element-3433bf2 ae-bg-gallery-type-default\" data-id=\"3433bf2\" data-element_type=\"column\">\n\t\t\t<div class=\"elementor-widget-wrap elementor-element-populated\">\n\t\t\t\t\t\t<div class=\"elementor-element elementor-element-7c27163 elementor-widget elementor-widget-heading\" data-id=\"7c27163\" data-element_type=\"widget\" data-widget_type=\"heading.default\">\n\t\t\t\t<div class=\"elementor-widget-container\">\n\t\t\t<h3 class=\"elementor-heading-title elementor-size-default\">Pourquoi a-t-on alors parfois l\u2019impression d\u2019entendre moins bien ?<\/h3>\t\t<\/div>\n\t\t\t\t<\/div>\n\t\t\t\t\t<\/div>\n\t\t<\/div>\n\t\t\t\t\t<\/div>\n\t\t<\/section>\n\t\t\t\t<section class=\"has_ae_slider elementor-section elementor-top-section elementor-element elementor-element-c7cc385 elementor-section-boxed elementor-section-height-default elementor-section-height-default ae-bg-gallery-type-default\" data-id=\"c7cc385\" data-element_type=\"section\">\n\t\t\t\t\t\t<div class=\"elementor-container elementor-column-gap-default\">\n\t\t\t\t\t<div class=\"has_ae_slider elementor-column elementor-col-100 elementor-top-column elementor-element elementor-element-678efdb ae-bg-gallery-type-default\" data-id=\"678efdb\" data-element_type=\"column\">\n\t\t\t<div class=\"elementor-widget-wrap elementor-element-populated\">\n\t\t\t\t\t\t<div class=\"elementor-element elementor-element-90d3d6c elementor-widget elementor-widget-text-editor\" data-id=\"90d3d6c\" data-element_type=\"widget\" data-widget_type=\"text-editor.default\">\n\t\t\t\t<div class=\"elementor-widget-container\">\n\t\t\t\t\t\t\t<p><span style=\"font-family: helvetica, arial, sans-serif;font-size: 12pt\">L\u2019explication est en r\u00e9alit\u00e9 tr\u00e8s simple.<\/span><\/p><p><span style=\"font-family: helvetica, arial, sans-serif;font-size: 12pt\">D\u00e8s que vous enlevez vos appareils, vous perdez l\u2019amplification et vous avez l\u2019impression de retomber \u00ab dans un trou noir \u00bb, comme le d\u00e9crivent certains clients.<\/span><\/p><p><span style=\"font-family: helvetica, arial, sans-serif;font-size: 12pt\">Votre cerveau, habitu\u00e9 aux sons amplifi\u00e9s, per\u00e7oit alors le monde sonore comme beaucoup plus faible qu\u2019avant l\u2019utilisation des appareils\u2026 d\u2019o\u00f9 cette impression trompeuse de d\u00e9t\u00e9rioration.<\/span><\/p>\t\t\t\t\t\t<\/div>\n\t\t\t\t<\/div>\n\t\t\t\t<div class=\"elementor-element elementor-element-de47aaf elementor-widget elementor-widget-spacer\" data-id=\"de47aaf\" data-element_type=\"widget\" data-widget_type=\"spacer.default\">\n\t\t\t\t<div class=\"elementor-widget-container\">\n\t\t\t\t\t<div class=\"elementor-spacer\">\n\t\t\t<div class=\"elementor-spacer-inner\"><\/div>\n\t\t<\/div>\n\t\t\t\t<\/div>\n\t\t\t\t<\/div>\n\t\t\t\t\t<\/div>\n\t\t<\/div>\n\t\t\t\t\t<\/div>\n\t\t<\/section>\n\t\t\t\t<section class=\"has_ae_slider elementor-section elementor-top-section elementor-element elementor-element-3a0be94 elementor-section-boxed elementor-section-height-default elementor-section-height-default ae-bg-gallery-type-default\" data-id=\"3a0be94\" data-element_type=\"section\">\n\t\t\t\t\t\t<div class=\"elementor-container elementor-column-gap-default\">\n\t\t\t\t\t<div class=\"has_ae_slider elementor-column elementor-col-100 elementor-top-column elementor-element elementor-element-7cec075 ae-bg-gallery-type-default\" data-id=\"7cec075\" data-element_type=\"column\">\n\t\t\t<div class=\"elementor-widget-wrap elementor-element-populated\">\n\t\t\t\t\t\t<div class=\"elementor-element elementor-element-f78baef elementor-widget elementor-widget-heading\" data-id=\"f78baef\" data-element_type=\"widget\" data-widget_type=\"heading.default\">\n\t\t\t\t<div class=\"elementor-widget-container\">\n\t\t\t<h2 class=\"elementor-heading-title elementor-size-default\">Non, les appareils auditifs ne rendent pas l\u2019audition \u201cparesseuse\u201d<\/h2>\t\t<\/div>\n\t\t\t\t<\/div>\n\t\t\t\t\t<\/div>\n\t\t<\/div>\n\t\t\t\t\t<\/div>\n\t\t<\/section>\n\t\t\t\t<section class=\"has_ae_slider elementor-section elementor-top-section elementor-element elementor-element-bd8ca0e elementor-section-boxed elementor-section-height-default elementor-section-height-default ae-bg-gallery-type-default\" data-id=\"bd8ca0e\" data-element_type=\"section\">\n\t\t\t\t\t\t<div class=\"elementor-container elementor-column-gap-default\">\n\t\t\t\t\t<div class=\"has_ae_slider elementor-column elementor-col-100 elementor-top-column elementor-element elementor-element-b3053d6 ae-bg-gallery-type-default\" data-id=\"b3053d6\" data-element_type=\"column\">\n\t\t\t<div class=\"elementor-widget-wrap elementor-element-populated\">\n\t\t\t\t\t\t<div class=\"elementor-element elementor-element-df839d6 elementor-widget elementor-widget-text-editor\" data-id=\"df839d6\" data-element_type=\"widget\" data-widget_type=\"text-editor.default\">\n\t\t\t\t<div class=\"elementor-widget-container\">\n\t\t\t\t\t\t\t<p><span style=\"font-family: helvetica, arial, sans-serif;font-size: 12pt\">L\u2019amplification des appareils est-elle dangereuse pour votre audition ? <\/span><span style=\"font-family: helvetica, arial, sans-serif;font-size: 12pt\"><strong>Non, bien au contraire. <\/strong><\/span><\/p><p><span style=\"font-family: helvetica, arial, sans-serif;font-size: 12pt\"><strong>Les appareils auditifs<\/strong> <strong>stimulent le nerf auditif<\/strong>, qui envoie ensuite davantage de signaux au cerveau. C\u2019est lui qui analyse ces signaux et leur donne du sens, afin que nous puissions reconna\u00eetre les sons et comprendre la parole.<\/span><\/p><p><span style=\"font-family: helvetica, arial, sans-serif;font-size: 12pt\">En r\u00e9sum\u00e9 : <strong>on entend avec son cerveau<\/strong>, et les appareils auditifs l\u2019aident \u00e0 recevoir suffisamment d\u2019informations.<\/span><\/p>\t\t\t\t\t\t<\/div>\n\t\t\t\t<\/div>\n\t\t\t\t<div class=\"elementor-element elementor-element-a02b626 elementor-widget elementor-widget-spacer\" data-id=\"a02b626\" data-element_type=\"widget\" data-widget_type=\"spacer.default\">\n\t\t\t\t<div class=\"elementor-widget-container\">\n\t\t\t\t\t<div class=\"elementor-spacer\">\n\t\t\t<div class=\"elementor-spacer-inner\"><\/div>\n\t\t<\/div>\n\t\t\t\t<\/div>\n\t\t\t\t<\/div>\n\t\t\t\t\t<\/div>\n\t\t<\/div>\n\t\t\t\t\t<\/div>\n\t\t<\/section>\n\t\t\t\t<section class=\"has_ae_slider elementor-section elementor-top-section elementor-element elementor-element-2dd82d2 elementor-section-boxed elementor-section-height-default elementor-section-height-default ae-bg-gallery-type-default\" data-id=\"2dd82d2\" data-element_type=\"section\">\n\t\t\t\t\t\t<div class=\"elementor-container elementor-column-gap-default\">\n\t\t\t\t\t<div class=\"has_ae_slider elementor-column elementor-col-100 elementor-top-column elementor-element elementor-element-c37f5fb ae-bg-gallery-type-default\" data-id=\"c37f5fb\" data-element_type=\"column\">\n\t\t\t<div class=\"elementor-widget-wrap elementor-element-populated\">\n\t\t\t\t\t\t<div class=\"elementor-element elementor-element-e23c994 elementor-widget elementor-widget-heading\" data-id=\"e23c994\" data-element_type=\"widget\" data-widget_type=\"heading.default\">\n\t\t\t\t<div class=\"elementor-widget-container\">\n\t\t\t<h2 class=\"elementor-heading-title elementor-size-default\">Le v\u00e9ritable risque : ne rien faire<\/h2>\t\t<\/div>\n\t\t\t\t<\/div>\n\t\t\t\t\t<\/div>\n\t\t<\/div>\n\t\t\t\t\t<\/div>\n\t\t<\/section>\n\t\t\t\t<section class=\"has_ae_slider elementor-section elementor-top-section elementor-element elementor-element-521d4dc elementor-section-boxed elementor-section-height-default elementor-section-height-default ae-bg-gallery-type-default\" data-id=\"521d4dc\" data-element_type=\"section\">\n\t\t\t\t\t\t<div class=\"elementor-container elementor-column-gap-default\">\n\t\t\t\t\t<div class=\"has_ae_slider elementor-column elementor-col-100 elementor-top-column elementor-element elementor-element-7b74c89 ae-bg-gallery-type-default\" data-id=\"7b74c89\" data-element_type=\"column\">\n\t\t\t<div class=\"elementor-widget-wrap elementor-element-populated\">\n\t\t\t\t\t\t<div class=\"elementor-element elementor-element-0dc2814 elementor-widget elementor-widget-text-editor\" data-id=\"0dc2814\" data-element_type=\"widget\" data-widget_type=\"text-editor.default\">\n\t\t\t\t<div class=\"elementor-widget-container\">\n\t\t\t\t\t\t\t<p><span style=\"font-family: helvetica, arial, sans-serif;font-size: 12pt\">Quand l\u2019audition baisse, les zones du cerveau d\u00e9di\u00e9es au traitement des sons deviennent moins actives. <\/span><span style=\"font-family: helvetica, arial, sans-serif;font-size: 12pt\">R\u00e9sultat : elles peuvent perdre certaines capacit\u00e9s, ce qui rend la compr\u00e9hension des conversations plus difficile. <\/span><span style=\"font-family: helvetica, arial, sans-serif;font-size: 12pt\">C\u2019est ce que l\u2019on appelle la <strong>d\u00e9privation auditive<\/strong>. Sur le long terme, cela peut affecter votre vie sociale, votre concentration et m\u00eame votre confiance en vous.<\/span><\/p><p><span style=\"font-family: helvetica, arial, sans-serif;font-size: 12pt\">Si vous suspectez une perte auditive ou si vous h\u00e9sitez \u00e0 <strong>essayer des appareils auditifs<\/strong>, sachez que vos doutes sont normaux. Porter des appareils est une \u00e9tape importante qui demande de l\u2019adaptation et un peu de pers\u00e9v\u00e9rance.<\/span><\/p><p><strong><span style=\"font-family: helvetica, arial, sans-serif;font-size: 12pt\">Il serait peut-\u00eatre plus rassurant de les consid\u00e9rer, non comme une contrainte, mais comme de v\u00e9ritables alli\u00e9s pour votre cerveau.<\/span><\/strong><\/p>\t\t\t\t\t\t<\/div>\n\t\t\t\t<\/div>\n\t\t\t\t\t<\/div>\n\t\t<\/div>\n\t\t\t\t\t<\/div>\n\t\t<\/section>\n\t\t\t\t<\/div>\n\t\t","protected":false},"excerpt":{"rendered":"<p>Dans cet article, nous vous expliquons pourquoi il peut parfois sembler que votre audition se d\u00e9grade alors que ce n\u2019est pas le cas et pourquoi le cerveau joue un r\u00f4le essentiel dans cette impression.<\/p>\n","protected":false},"author":4,"featured_media":2972,"comment_status":"closed","ping_status":"closed","sticky":false,"template":"","format":"standard","meta":{"_acf_changed":false,"ocean_post_layout":"","ocean_both_sidebars_style":"","ocean_both_sidebars_content_width":0,"ocean_both_sidebars_sidebars_width":0,"ocean_sidebar":"","ocean_second_sidebar":"","ocean_disable_margins":"enable","ocean_add_body_class":"","ocean_shortcode_before_top_bar":"","ocean_shortcode_after_top_bar":"","ocean_shortcode_before_header":"","ocean_shortcode_after_header":"","ocean_has_shortcode":"","ocean_shortcode_after_title":"","ocean_shortcode_before_footer_widgets":"","ocean_shortcode_after_footer_widgets":"","ocean_shortcode_before_footer_bottom":"","ocean_shortcode_after_footer_bottom":"","ocean_display_top_bar":"default","ocean_display_header":"default","ocean_header_style":"","ocean_center_header_left_menu":"","ocean_custom_header_template":"","ocean_custom_logo":0,"ocean_custom_retina_logo":0,"ocean_custom_logo_max_width":0,"ocean_custom_logo_tablet_max_width":0,"ocean_custom_logo_mobile_max_width":0,"ocean_custom_logo_max_height":0,"ocean_custom_logo_tablet_max_height":0,"ocean_custom_logo_mobile_max_height":0,"ocean_header_custom_menu":"","ocean_menu_typo_font_family":"","ocean_menu_typo_font_subset":"","ocean_menu_typo_font_size":0,"ocean_menu_typo_font_size_tablet":0,"ocean_menu_typo_font_size_mobile":0,"ocean_menu_typo_font_size_unit":"px","ocean_menu_typo_font_weight":"","ocean_menu_typo_font_weight_tablet":"","ocean_menu_typo_font_weight_mobile":"","ocean_menu_typo_transform":"","ocean_menu_typo_transform_tablet":"","ocean_menu_typo_transform_mobile":"","ocean_menu_typo_line_height":0,"ocean_menu_typo_line_height_tablet":0,"ocean_menu_typo_line_height_mobile":0,"ocean_menu_typo_line_height_unit":"","ocean_menu_typo_spacing":0,"ocean_menu_typo_spacing_tablet":0,"ocean_menu_typo_spacing_mobile":0,"ocean_menu_typo_spacing_unit":"","ocean_menu_link_color":"","ocean_menu_link_color_hover":"","ocean_menu_link_color_active":"","ocean_menu_link_background":"","ocean_menu_link_hover_background":"","ocean_menu_link_active_background":"","ocean_menu_social_links_bg":"","ocean_menu_social_hover_links_bg":"","ocean_menu_social_links_color":"","ocean_menu_social_hover_links_color":"","ocean_disable_title":"default","ocean_disable_heading":"default","ocean_post_title":"","ocean_post_subheading":"","ocean_post_title_style":"","ocean_post_title_background_color":"","ocean_post_title_background":0,"ocean_post_title_bg_image_position":"","ocean_post_title_bg_image_attachment":"","ocean_post_title_bg_image_repeat":"","ocean_post_title_bg_image_size":"","ocean_post_title_height":0,"ocean_post_title_bg_overlay":0.5,"ocean_post_title_bg_overlay_color":"","ocean_disable_breadcrumbs":"default","ocean_breadcrumbs_color":"","ocean_breadcrumbs_separator_color":"","ocean_breadcrumbs_links_color":"","ocean_breadcrumbs_links_hover_color":"","ocean_display_footer_widgets":"default","ocean_display_footer_bottom":"default","ocean_custom_footer_template":"","ocean_post_oembed":"","ocean_post_self_hosted_media":"","ocean_post_video_embed":"","ocean_link_format":"","ocean_link_format_target":"self","ocean_quote_format":"","ocean_quote_format_link":"post","ocean_gallery_link_images":"on","ocean_gallery_id":[],"footnotes":""},"categories":[1],"tags":[27,155,114,158,156,62,60,157],"class_list":["post-2949","post","type-post","status-publish","format-standard","has-post-thumbnail","hentry","category-non-classifiee","tag-appareils-auditifs","tag-audition","tag-cerveau","tag-deprivation-auditive","tag-nerf-auditif","tag-oreille","tag-perte-auditive","tag-porter-des-appareils-auditifs","entry","has-media"],"acf":[],"_links":{"self":[{"href":"https:\/\/gottschalk.be\/fr\/wp-json\/wp\/v2\/posts\/2949","targetHints":{"allow":["GET"]}}],"collection":[{"href":"https:\/\/gottschalk.be\/fr\/wp-json\/wp\/v2\/posts"}],"about":[{"href":"https:\/\/gottschalk.be\/fr\/wp-json\/wp\/v2\/types\/post"}],"author":[{"embeddable":true,"href":"https:\/\/gottschalk.be\/fr\/wp-json\/wp\/v2\/users\/4"}],"replies":[{"embeddable":true,"href":"https:\/\/gottschalk.be\/fr\/wp-json\/wp\/v2\/comments?post=2949"}],"version-history":[{"count":13,"href":"https:\/\/gottschalk.be\/fr\/wp-json\/wp\/v2\/posts\/2949\/revisions"}],"predecessor-version":[{"id":2976,"href":"https:\/\/gottschalk.be\/fr\/wp-json\/wp\/v2\/posts\/2949\/revisions\/2976"}],"wp:featuredmedia":[{"embeddable":true,"href":"https:\/\/gottschalk.be\/fr\/wp-json\/wp\/v2\/media\/2972"}],"wp:attachment":[{"href":"https:\/\/gottschalk.be\/fr\/wp-json\/wp\/v2\/media?parent=2949"}],"wp:term":[{"taxonomy":"category","embeddable":true,"href":"https:\/\/gottschalk.be\/fr\/wp-json\/wp\/v2\/categories?post=2949"},{"taxonomy":"post_tag","embeddable":true,"href":"https:\/\/gottschalk.be\/fr\/wp-json\/wp\/v2\/tags?post=2949"}],"curies":[{"name":"wp","href":"https:\/\/api.w.org\/{rel}","templated":true}]}}