{"id":1878,"date":"2022-06-07T10:19:18","date_gmt":"2022-06-07T08:19:18","guid":{"rendered":"https:\/\/gottschalk.be\/?p=1878"},"modified":"2022-06-07T16:51:43","modified_gmt":"2022-06-07T14:51:43","slug":"appareils-auditifs-et-chaleur","status":"publish","type":"post","link":"https:\/\/gottschalk.be\/fr\/appareils-auditifs-et-chaleur\/","title":{"rendered":"Les appareils auditifs et la chaleur estivale"},"content":{"rendered":"\t\t<div data-elementor-type=\"wp-post\" data-elementor-id=\"1878\" class=\"elementor elementor-1878\" data-elementor-post-type=\"post\">\n\t\t\t\t\t\t<section class=\"has_ae_slider elementor-section elementor-top-section elementor-element elementor-element-b6efced elementor-section-boxed elementor-section-height-default elementor-section-height-default ae-bg-gallery-type-default\" data-id=\"b6efced\" data-element_type=\"section\">\n\t\t\t\t\t\t<div class=\"elementor-container elementor-column-gap-default\">\n\t\t\t\t\t<div class=\"has_ae_slider elementor-column elementor-col-100 elementor-top-column elementor-element elementor-element-00a008e ae-bg-gallery-type-default\" data-id=\"00a008e\" data-element_type=\"column\">\n\t\t\t<div class=\"elementor-widget-wrap elementor-element-populated\">\n\t\t\t\t\t\t<div class=\"elementor-element elementor-element-eb7ed6c elementor-widget elementor-widget-text-editor\" data-id=\"eb7ed6c\" data-element_type=\"widget\" data-widget_type=\"text-editor.default\">\n\t\t\t\t<div class=\"elementor-widget-container\">\n\t\t\t\t\t\t\t<p>Les beaux jours reviennent et, avec eux, la chaleur estivale. C\u2019est le moment o\u00f9 l\u2019on aime profiter d\u2019activit\u00e9s ext\u00e9rieures et de sortir pour faire plus de choses. Mais qui dit chaleur, dit surtout poussi\u00e8re et humidit\u00e9\u00a0!<\/p>\t\t\t\t\t\t<\/div>\n\t\t\t\t<\/div>\n\t\t\t\t<div class=\"elementor-element elementor-element-849d20b elementor-widget elementor-widget-heading\" data-id=\"849d20b\" data-element_type=\"widget\" data-widget_type=\"heading.default\">\n\t\t\t\t<div class=\"elementor-widget-container\">\n\t\t\t<h2 class=\"elementor-heading-title elementor-size-default\">Le saviez-vous ?<\/h2>\t\t<\/div>\n\t\t\t\t<\/div>\n\t\t\t\t<div class=\"elementor-element elementor-element-bcc58b1 elementor-widget elementor-widget-text-editor\" data-id=\"bcc58b1\" data-element_type=\"widget\" data-widget_type=\"text-editor.default\">\n\t\t\t\t<div class=\"elementor-widget-container\">\n\t\t\t\t\t\t\t<p>Tous nos appareils auditifs sont dot\u00e9s d\u2019un rev\u00eatement sp\u00e9cial qui les prot\u00e8ge de la poussi\u00e8re et de l\u2019humidit\u00e9. Les appareils auditifs doivent effectivement \u00eatre capables de vous accompagner dans votre vie de tous les jours et donc de pouvoir faire face aux diff\u00e9rentes conditions environnementales dans lesquelles vous \u00e9voluez.<\/p><p>Dans la plupart des cas, un simple nettoyage \u00e0 l\u2019aide d\u2019une lingette humide en fin de journ\u00e9e vous permettra de maintenir les performances vos appareils auditifs, m\u00eame lors de conditions m\u00e9t\u00e9orologiques plus chaudes.<\/p><p>Malgr\u00e9 le haut niveau de tol\u00e9rance des appareils, il est n\u00e9anmoins possible que parfois le corps produise plus de transpiration qu\u2019\u00e0 l\u2019accoutum\u00e9e, m\u00eame au niveau des conduits auditifs (oui oui, nous transpirons \u00e9galement des oreilles\u00a0!). Et dans certains cas, l\u2019humidit\u00e9 cr\u00e9\u00e9e par la transpiration peut p\u00e9n\u00e9trer dans l\u2019appareil auditif par le fil qui le relie \u00e0 l\u2019oreille. Dans de tels cas, l\u2019appareil peut parfois se couper, donnant l\u2019impression d\u2019une panne.<\/p>\t\t\t\t\t\t<\/div>\n\t\t\t\t<\/div>\n\t\t\t\t<div class=\"elementor-element elementor-element-eb6167b elementor-widget elementor-widget-heading\" data-id=\"eb6167b\" data-element_type=\"widget\" data-widget_type=\"heading.default\">\n\t\t\t\t<div class=\"elementor-widget-container\">\n\t\t\t<h3 class=\"elementor-heading-title elementor-size-default\">Que faire dans ce cas-l\u00e0 ?<\/h3>\t\t<\/div>\n\t\t\t\t<\/div>\n\t\t\t\t<div class=\"elementor-element elementor-element-c6680a0 elementor-widget elementor-widget-text-editor\" data-id=\"c6680a0\" data-element_type=\"widget\" data-widget_type=\"text-editor.default\">\n\t\t\t\t<div class=\"elementor-widget-container\">\n\t\t\t\t\t\t\t<p>Pas de panique\u00a0! Ce n\u2019est pas tr\u00e8s grave. Plusieurs solutions s\u2019offrent \u00e0 vous\u00a0:<\/p><ul><li style=\"list-style-type: none\"><ul><li style=\"list-style-type: none\"><ul><li>Premi\u00e8rement, vous pouvez tout simplement poser votre appareil auditif avec le tiroir pile ouvert dans un endroit sec et a\u00e9r\u00e9 pour attendre qu\u2019il s\u00e8che de lui-m\u00eame.<br \/><br \/><\/li><\/ul><\/li><li style=\"list-style-type: none\"><ul><li>Si vous poss\u00e9dez un appareil auditif rechargeable, vous pouvez faire de m\u00eame, mais pos\u00e9 dans sa station de chargement branch\u00e9e &#8211; ce qui en favorisera le s\u00e9chage.<br \/><br \/><\/li><\/ul><\/li><li style=\"list-style-type: none\"><ul><li>Si vous poss\u00e9dez un appareil auditif de type contour d\u2019oreille BTE, vous pouvez d\u00e9visser le tuyau qui relie votre appareil \u00e0 l\u2019oreille et souffler dans celui-ci afin d\u2019en \u00e9vacuer l\u2019humidit\u00e9 qui y serait enferm\u00e9e\u00a0! N\u2019h\u00e9sitez pas \u00e0 demander \u00e0 l\u2019une de nos audiciennes si votre appareil permet cette manipulation.<br \/><br \/><\/li><\/ul><\/li><li style=\"list-style-type: none\"><ul><li>Vous pouvez \u00e9galement utiliser l\u2019appareil de nettoyage <strong>\u00ab\u00a0Perfect Clean\u00a0\u00bb<\/strong> qui, non seulement s\u00e8chera votre appareil auditif, mais le nettoiera et le d\u00e9sinfectera par la m\u00eame occasion. Vous pouvez en trouver une explication plus d\u00e9taill\u00e9e dans<a href=\"https:\/\/gottschalk.be\/fr\/perfect-clean\/\"> cet article.<\/a><br \/><br \/><\/li><\/ul><\/li><li style=\"list-style-type: none\"><ul><li>Finalement, vous pouvez prendre rendez-vous aupr\u00e8s de l\u2019une de nos sp\u00e9cialistes, afin qu\u2019elle y jette elle-m\u00eame un coup d\u2019\u0153il.<\/li><\/ul><\/li><\/ul><\/li><\/ul>\t\t\t\t\t\t<\/div>\n\t\t\t\t<\/div>\n\t\t\t\t<div class=\"elementor-element elementor-element-ae6ee20 elementor-widget elementor-widget-heading\" data-id=\"ae6ee20\" data-element_type=\"widget\" data-widget_type=\"heading.default\">\n\t\t\t\t<div class=\"elementor-widget-container\">\n\t\t\t<h3 class=\"elementor-heading-title elementor-size-default\">Le conseil de nos experts<\/h3>\t\t<\/div>\n\t\t\t\t<\/div>\n\t\t\t\t<div class=\"elementor-element elementor-element-d465095 elementor-widget elementor-widget-text-editor\" data-id=\"d465095\" data-element_type=\"widget\" data-widget_type=\"text-editor.default\">\n\t\t\t\t<div class=\"elementor-widget-container\">\n\t\t\t\t\t\t\t<p>Vous d\u00e9sirez aller plus loin et vous assurer que votre appareil auditif ne souffre jamais de l\u2019humidit\u00e9\u00a0? Ou alors vous transpirez plus que la moyenne et aimeriez pallier plus radicalement aux probl\u00e8mes li\u00e9s \u00e0 ceci sans que votre appareil auditif ne se coupe constamment\u00a0?<\/p><p><span style=\"font-family: 'Open Sans';font-size: 18px;font-style: normal;font-weight: 400\">Au centre auditif Gottschalk, nous vous proposons d\u2019acqu\u00e9rir le bo\u00eetier de s\u00e9chage\u00a0<\/span><span style=\"font-family: 'Open Sans';font-size: 18px;font-style: normal;font-weight: 600\">\u00ab\u00a0Dry Star Uv 2\u00a0\u00bb<\/span><span style=\"font-family: 'Open Sans';font-size: 18px;font-style: normal;font-weight: 400\">\u00a0de\u00a0<\/span><em style=\"font-family: 'Open Sans';font-size: 18px;font-weight: 400\">\u00ab\u00a0Flow Med\u00a0\u00bb<\/em><span style=\"font-family: 'Open Sans';font-size: 18px;font-style: normal;font-weight: 400\">\u00a0afin de pr\u00e9venir l\u2019apparition de dommages li\u00e9s \u00e0 la transpiration et l\u2019humidit\u00e9 ambiante dans l\u2019appareil.\u00a0<\/span><\/p>\t\t\t\t\t\t<\/div>\n\t\t\t\t<\/div>\n\t\t\t\t<section class=\"has_ae_slider elementor-section elementor-inner-section elementor-element elementor-element-9d88b6c elementor-section-boxed elementor-section-height-default elementor-section-height-default ae-bg-gallery-type-default\" data-id=\"9d88b6c\" data-element_type=\"section\">\n\t\t\t\t\t\t<div class=\"elementor-container elementor-column-gap-default\">\n\t\t\t\t\t<div class=\"has_ae_slider elementor-column elementor-col-50 elementor-inner-column elementor-element elementor-element-608556e ae-bg-gallery-type-default\" data-id=\"608556e\" data-element_type=\"column\">\n\t\t\t<div class=\"elementor-widget-wrap elementor-element-populated\">\n\t\t\t\t\t\t<div class=\"elementor-element elementor-element-72ef8f9 elementor-widget elementor-widget-text-editor\" data-id=\"72ef8f9\" data-element_type=\"widget\" data-widget_type=\"text-editor.default\">\n\t\t\t\t<div class=\"elementor-widget-container\">\n\t\t\t\t\t\t\t<p>Ce bo\u00eetier vous permettra de s\u00e9cher vos proth\u00e8ses auditives efficacement et en profondeur. Vous pouvez l\u2019utiliser aussi souvent que n\u00e9cessaire &#8211; aussi bien une fois de temps en temps que quotidiennement.<\/p>\t\t\t\t\t\t<\/div>\n\t\t\t\t<\/div>\n\t\t\t\t\t<\/div>\n\t\t<\/div>\n\t\t\t\t<div class=\"has_ae_slider elementor-column elementor-col-50 elementor-inner-column elementor-element elementor-element-d7efd2d ae-bg-gallery-type-default\" data-id=\"d7efd2d\" data-element_type=\"column\">\n\t\t\t<div class=\"elementor-widget-wrap elementor-element-populated\">\n\t\t\t\t\t\t<div class=\"elementor-element elementor-element-5e52ea1 elementor-widget elementor-widget-video\" data-id=\"5e52ea1\" data-element_type=\"widget\" data-settings=\"{&quot;youtube_url&quot;:&quot;https:\\\/\\\/www.youtube.com\\\/watch?v=cKcHSoABEtI&amp;t=2s&quot;,&quot;autoplay&quot;:&quot;yes&quot;,&quot;mute&quot;:&quot;yes&quot;,&quot;video_type&quot;:&quot;youtube&quot;,&quot;controls&quot;:&quot;yes&quot;}\" data-widget_type=\"video.default\">\n\t\t\t\t<div class=\"elementor-widget-container\">\n\t\t\t\t\t<div class=\"elementor-wrapper elementor-open-inline\">\n\t\t\t<div class=\"elementor-video\"><\/div>\t\t<\/div>\n\t\t\t\t<\/div>\n\t\t\t\t<\/div>\n\t\t\t\t\t<\/div>\n\t\t<\/div>\n\t\t\t\t\t<\/div>\n\t\t<\/section>\n\t\t\t\t<div class=\"elementor-element elementor-element-669834b elementor-widget elementor-widget-heading\" data-id=\"669834b\" data-element_type=\"widget\" data-widget_type=\"heading.default\">\n\t\t\t\t<div class=\"elementor-widget-container\">\n\t\t\t<h2 class=\"elementor-heading-title elementor-size-default\">Plus d'infos ?<\/h2>\t\t<\/div>\n\t\t\t\t<\/div>\n\t\t\t\t<div class=\"elementor-element elementor-element-428d118 elementor-widget elementor-widget-text-editor\" data-id=\"428d118\" data-element_type=\"widget\" data-widget_type=\"text-editor.default\">\n\t\t\t\t<div class=\"elementor-widget-container\">\n\t\t\t\t\t\t\t<p>Vous d\u00e9sirez plus d\u2019informations afin de pr\u00e9server vos appareils auditifs de l\u2019humidit\u00e9 ou encore d\u2019acqu\u00e9rir un \u00ab\u00a0Perfect Clean\u00a0\u00bb ou un \u00ab\u00a0Star Uv 2\u00a0\u00bb\u00a0? N\u2019h\u00e9sitez-pas \u00e0 nous contacter au <strong>04 \/ 222 11 99<\/strong> ou \u00e0 l\u2019adresse mail suivante\u00a0: <a href=\"mailto:info@gottschalk.be\">info@gottschalk.be<\/a>\u00a0!<\/p>\t\t\t\t\t\t<\/div>\n\t\t\t\t<\/div>\n\t\t\t\t\t<\/div>\n\t\t<\/div>\n\t\t\t\t\t<\/div>\n\t\t<\/section>\n\t\t\t\t<\/div>\n\t\t","protected":false},"excerpt":{"rendered":"<p>Tous nos appareils auditifs sont dot\u00e9s d\u2019un rev\u00eatement sp\u00e9cial qui les prot\u00e8ge de la poussi\u00e8re et de l\u2019humidit\u00e9. <\/p>\n","protected":false},"author":3,"featured_media":1889,"comment_status":"closed","ping_status":"closed","sticky":false,"template":"","format":"standard","meta":{"_acf_changed":false,"ocean_post_layout":"","ocean_both_sidebars_style":"","ocean_both_sidebars_content_width":0,"ocean_both_sidebars_sidebars_width":0,"ocean_sidebar":"0","ocean_second_sidebar":"0","ocean_disable_margins":"enable","ocean_add_body_class":"","ocean_shortcode_before_top_bar":"","ocean_shortcode_after_top_bar":"","ocean_shortcode_before_header":"","ocean_shortcode_after_header":"","ocean_has_shortcode":"","ocean_shortcode_after_title":"","ocean_shortcode_before_footer_widgets":"","ocean_shortcode_after_footer_widgets":"","ocean_shortcode_before_footer_bottom":"","ocean_shortcode_after_footer_bottom":"","ocean_display_top_bar":"default","ocean_display_header":"default","ocean_header_style":"","ocean_center_header_left_menu":"0","ocean_custom_header_template":"0","ocean_custom_logo":0,"ocean_custom_retina_logo":0,"ocean_custom_logo_max_width":0,"ocean_custom_logo_tablet_max_width":0,"ocean_custom_logo_mobile_max_width":0,"ocean_custom_logo_max_height":0,"ocean_custom_logo_tablet_max_height":0,"ocean_custom_logo_mobile_max_height":0,"ocean_header_custom_menu":"0","ocean_menu_typo_font_family":"0","ocean_menu_typo_font_subset":"","ocean_menu_typo_font_size":0,"ocean_menu_typo_font_size_tablet":0,"ocean_menu_typo_font_size_mobile":0,"ocean_menu_typo_font_size_unit":"px","ocean_menu_typo_font_weight":"","ocean_menu_typo_font_weight_tablet":"","ocean_menu_typo_font_weight_mobile":"","ocean_menu_typo_transform":"","ocean_menu_typo_transform_tablet":"","ocean_menu_typo_transform_mobile":"","ocean_menu_typo_line_height":0,"ocean_menu_typo_line_height_tablet":0,"ocean_menu_typo_line_height_mobile":0,"ocean_menu_typo_line_height_unit":"","ocean_menu_typo_spacing":0,"ocean_menu_typo_spacing_tablet":0,"ocean_menu_typo_spacing_mobile":0,"ocean_menu_typo_spacing_unit":"","ocean_menu_link_color":"","ocean_menu_link_color_hover":"","ocean_menu_link_color_active":"","ocean_menu_link_background":"","ocean_menu_link_hover_background":"","ocean_menu_link_active_background":"","ocean_menu_social_links_bg":"","ocean_menu_social_hover_links_bg":"","ocean_menu_social_links_color":"","ocean_menu_social_hover_links_color":"","ocean_disable_title":"default","ocean_disable_heading":"default","ocean_post_title":"","ocean_post_subheading":"","ocean_post_title_style":"","ocean_post_title_background_color":"","ocean_post_title_background":0,"ocean_post_title_bg_image_position":"","ocean_post_title_bg_image_attachment":"","ocean_post_title_bg_image_repeat":"","ocean_post_title_bg_image_size":"","ocean_post_title_height":0,"ocean_post_title_bg_overlay":0.5,"ocean_post_title_bg_overlay_color":"","ocean_disable_breadcrumbs":"default","ocean_breadcrumbs_color":"","ocean_breadcrumbs_separator_color":"","ocean_breadcrumbs_links_color":"","ocean_breadcrumbs_links_hover_color":"","ocean_display_footer_widgets":"default","ocean_display_footer_bottom":"default","ocean_custom_footer_template":"0","ocean_post_oembed":"","ocean_post_self_hosted_media":"","ocean_post_video_embed":"","ocean_link_format":"","ocean_link_format_target":"self","ocean_quote_format":"","ocean_quote_format_link":"post","ocean_gallery_link_images":"off","ocean_gallery_id":[],"footnotes":""},"categories":[1],"tags":[36,27,28,29],"class_list":["post-1878","post","type-post","status-publish","format-standard","has-post-thumbnail","hentry","category-non-classifiee","tag-appareil-auditif","tag-appareils-auditifs","tag-centre-auditif","tag-gottschalk","entry","has-media"],"acf":[],"_links":{"self":[{"href":"https:\/\/gottschalk.be\/fr\/wp-json\/wp\/v2\/posts\/1878","targetHints":{"allow":["GET"]}}],"collection":[{"href":"https:\/\/gottschalk.be\/fr\/wp-json\/wp\/v2\/posts"}],"about":[{"href":"https:\/\/gottschalk.be\/fr\/wp-json\/wp\/v2\/types\/post"}],"author":[{"embeddable":true,"href":"https:\/\/gottschalk.be\/fr\/wp-json\/wp\/v2\/users\/3"}],"replies":[{"embeddable":true,"href":"https:\/\/gottschalk.be\/fr\/wp-json\/wp\/v2\/comments?post=1878"}],"version-history":[{"count":0,"href":"https:\/\/gottschalk.be\/fr\/wp-json\/wp\/v2\/posts\/1878\/revisions"}],"wp:featuredmedia":[{"embeddable":true,"href":"https:\/\/gottschalk.be\/fr\/wp-json\/wp\/v2\/media\/1889"}],"wp:attachment":[{"href":"https:\/\/gottschalk.be\/fr\/wp-json\/wp\/v2\/media?parent=1878"}],"wp:term":[{"taxonomy":"category","embeddable":true,"href":"https:\/\/gottschalk.be\/fr\/wp-json\/wp\/v2\/categories?post=1878"},{"taxonomy":"post_tag","embeddable":true,"href":"https:\/\/gottschalk.be\/fr\/wp-json\/wp\/v2\/tags?post=1878"}],"curies":[{"name":"wp","href":"https:\/\/api.w.org\/{rel}","templated":true}]}}