{"id":1606,"date":"2022-03-11T09:34:27","date_gmt":"2022-03-11T08:34:27","guid":{"rendered":"https:\/\/gottschalk.be\/?p=1606"},"modified":"2025-01-31T14:44:27","modified_gmt":"2025-01-31T13:44:27","slug":"centre-auditif-gottschalk-rocourt","status":"publish","type":"post","link":"https:\/\/gottschalk.be\/fr\/centre-auditif-gottschalk-rocourt\/","title":{"rendered":"D\u00e9couvrez notre centre auditif Gottschalk de Rocourt."},"content":{"rendered":"\t\t<div data-elementor-type=\"wp-post\" data-elementor-id=\"1606\" class=\"elementor elementor-1606\" data-elementor-post-type=\"post\">\n\t\t\t\t\t\t<section class=\"has_ae_slider elementor-section elementor-top-section elementor-element elementor-element-3bb456c elementor-section-boxed elementor-section-height-default elementor-section-height-default ae-bg-gallery-type-default\" data-id=\"3bb456c\" data-element_type=\"section\">\n\t\t\t\t\t\t<div class=\"elementor-container elementor-column-gap-default\">\n\t\t\t\t\t<div class=\"has_ae_slider elementor-column elementor-col-100 elementor-top-column elementor-element elementor-element-7b0b7da ae-bg-gallery-type-default\" data-id=\"7b0b7da\" data-element_type=\"column\">\n\t\t\t<div class=\"elementor-widget-wrap elementor-element-populated\">\n\t\t\t\t\t\t<div class=\"elementor-element elementor-element-f4c33ed elementor-widget elementor-widget-text-editor\" data-id=\"f4c33ed\" data-element_type=\"widget\" data-widget_type=\"text-editor.default\">\n\t\t\t\t<div class=\"elementor-widget-container\">\n\t\t\t\t\t\t\t<p>Nous vous y recevons avec plaisir depuis presque quatre ans d\u00e9j\u00e0 ! Katrien et Cynthia s\u2019occupent de vos appareils auditifs et testent votre audition sur rendez-vous tous les lundis, mercredis et vendredis.<\/p><div id=\"ConnectiveDocSignExtentionInstalled\" data-extension-version=\"1.0.4\">\u00a0<\/div>\t\t\t\t\t\t<\/div>\n\t\t\t\t<\/div>\n\t\t\t\t<div class=\"elementor-element elementor-element-86254b6 elementor-widget elementor-widget-image\" data-id=\"86254b6\" data-element_type=\"widget\" data-widget_type=\"image.default\">\n\t\t\t\t<div class=\"elementor-widget-container\">\n\t\t\t\t\t\t\t\t\t\t\t\t\t<img fetchpriority=\"high\" decoding=\"async\" width=\"800\" height=\"600\" src=\"https:\/\/gottschalk.be\/wp-content\/uploads\/2022\/03\/gottshalk-roccourt-2.jpg\" class=\"attachment-large size-large wp-image-1615\" alt=\"Vue du centre auditif Gottschalk Rocourt\" srcset=\"https:\/\/gottschalk.be\/wp-content\/uploads\/2022\/03\/gottshalk-roccourt-2.jpg 800w, https:\/\/gottschalk.be\/wp-content\/uploads\/2022\/03\/gottshalk-roccourt-2-300x225.jpg 300w, https:\/\/gottschalk.be\/wp-content\/uploads\/2022\/03\/gottshalk-roccourt-2-768x576.jpg 768w\" sizes=\"(max-width: 800px) 100vw, 800px\" \/>\t\t\t\t\t\t\t\t\t\t\t\t\t<\/div>\n\t\t\t\t<\/div>\n\t\t\t\t<div class=\"elementor-element elementor-element-800d104 elementor-widget elementor-widget-text-editor\" data-id=\"800d104\" data-element_type=\"widget\" data-widget_type=\"text-editor.default\">\n\t\t\t\t<div class=\"elementor-widget-container\">\n\t\t\t\t\t\t\t<p>Vous y trouverez des locaux spacieux, ainsi qu\u2019une jolie salle d\u2019attente am\u00e9nag\u00e9e pour que l\u2019on s\u2019y sente bien et que patienter ne soit pas une corv\u00e9e.<\/p><p>Plusieurs jours par semaine, vous retrouverez Cynthia \u00e0 l\u2019accueil pour vous recevoir avec son plus beau sourire.<\/p><div id=\"ConnectiveDocSignExtentionInstalled\" data-extension-version=\"1.0.4\">\u00a0<\/div>\t\t\t\t\t\t<\/div>\n\t\t\t\t<\/div>\n\t\t\t\t<div class=\"elementor-element elementor-element-f5362c1 elementor-widget elementor-widget-heading\" data-id=\"f5362c1\" data-element_type=\"widget\" data-widget_type=\"heading.default\">\n\t\t\t\t<div class=\"elementor-widget-container\">\n\t\t\t<h2 class=\"elementor-heading-title elementor-size-default\">Un service de d\u00e9pannage d\u2019urgence.<\/h2>\t\t<\/div>\n\t\t\t\t<\/div>\n\t\t\t\t<div class=\"elementor-element elementor-element-5a3565d elementor-widget elementor-widget-text-editor\" data-id=\"5a3565d\" data-element_type=\"widget\" data-widget_type=\"text-editor.default\">\n\t\t\t\t<div class=\"elementor-widget-container\">\n\t\t\t\t\t\t\t<p>Votre appareil auditif est en panne ou endommag\u00e9\u00a0et vous aimeriez ne pas attendre la semaine suivante pour un rendez-vous\u00a0? Pas de soucis\u00a0! Le centre auditif Gottschalk de Rocourt, c\u2019est \u00e9galement un service de d\u00e9pannage d\u2019urgence du lundi au vendredi entre 8h30 et 16h. De quoi ne pas vous laisser dans l\u2019embarras trop longtemps\u00a0!<\/p><div id=\"ConnectiveDocSignExtentionInstalled\" data-extension-version=\"1.0.4\">\u00a0<\/div>\t\t\t\t\t\t<\/div>\n\t\t\t\t<\/div>\n\t\t\t\t<div class=\"elementor-element elementor-element-7961f8f elementor-widget elementor-widget-gallery\" data-id=\"7961f8f\" data-element_type=\"widget\" data-settings=\"{&quot;columns&quot;:&quot;2&quot;,&quot;gap&quot;:{&quot;unit&quot;:&quot;px&quot;,&quot;size&quot;:&quot;20&quot;,&quot;sizes&quot;:[]},&quot;lazyload&quot;:&quot;yes&quot;,&quot;gallery_layout&quot;:&quot;grid&quot;,&quot;columns_tablet&quot;:2,&quot;columns_mobile&quot;:1,&quot;gap_tablet&quot;:{&quot;unit&quot;:&quot;px&quot;,&quot;size&quot;:10,&quot;sizes&quot;:[]},&quot;gap_mobile&quot;:{&quot;unit&quot;:&quot;px&quot;,&quot;size&quot;:10,&quot;sizes&quot;:[]},&quot;link_to&quot;:&quot;file&quot;,&quot;aspect_ratio&quot;:&quot;3:2&quot;,&quot;overlay_background&quot;:&quot;yes&quot;,&quot;content_hover_animation&quot;:&quot;fade-in&quot;}\" data-widget_type=\"gallery.default\">\n\t\t\t\t<div class=\"elementor-widget-container\">\n\t\t\t\t\t<div class=\"elementor-gallery__container\">\n\t\t\t\t\t\t\t<a class=\"e-gallery-item elementor-gallery-item elementor-animated-content\" href=\"https:\/\/gottschalk.be\/wp-content\/uploads\/2022\/03\/gottshalk-roccourt-5.jpg\" data-elementor-open-lightbox=\"yes\" data-elementor-lightbox-slideshow=\"7961f8f\" data-elementor-lightbox-title=\"gottshalk-roccourt-5\" data-e-action-hash=\"#elementor-action%3Aaction%3Dlightbox%26settings%3DeyJpZCI6MTYwOSwidXJsIjoiaHR0cHM6XC9cL2dvdHRzY2hhbGsuYmVcL3dwLWNvbnRlbnRcL3VwbG9hZHNcLzIwMjJcLzAzXC9nb3R0c2hhbGstcm9jY291cnQtNS5qcGciLCJzbGlkZXNob3ciOiI3OTYxZjhmIn0%3D\">\n\t\t\t\t\t<div class=\"e-gallery-image elementor-gallery-item__image\" data-thumbnail=\"https:\/\/gottschalk.be\/wp-content\/uploads\/2022\/03\/gottshalk-roccourt-5-300x225.jpg\" data-width=\"300\" data-height=\"225\" aria-label=\"Vue du centre auditif Gottschalk Roccourt\" role=\"img\" ><\/div>\n\t\t\t\t\t\t\t\t\t\t\t<div class=\"elementor-gallery-item__overlay\"><\/div>\n\t\t\t\t\t\t\t\t\t\t\t\t\t\t<\/a>\n\t\t\t\t\t\t\t<a class=\"e-gallery-item elementor-gallery-item elementor-animated-content\" href=\"https:\/\/gottschalk.be\/wp-content\/uploads\/2022\/03\/gottshalk-roccourt-6.jpg\" data-elementor-open-lightbox=\"yes\" data-elementor-lightbox-slideshow=\"7961f8f\" data-elementor-lightbox-title=\"gottshalk-roccourt-6\" data-e-action-hash=\"#elementor-action%3Aaction%3Dlightbox%26settings%3DeyJpZCI6MTYwNywidXJsIjoiaHR0cHM6XC9cL2dvdHRzY2hhbGsuYmVcL3dwLWNvbnRlbnRcL3VwbG9hZHNcLzIwMjJcLzAzXC9nb3R0c2hhbGstcm9jY291cnQtNi5qcGciLCJzbGlkZXNob3ciOiI3OTYxZjhmIn0%3D\">\n\t\t\t\t\t<div class=\"e-gallery-image elementor-gallery-item__image\" data-thumbnail=\"https:\/\/gottschalk.be\/wp-content\/uploads\/2022\/03\/gottshalk-roccourt-6-300x225.jpg\" data-width=\"300\" data-height=\"225\" aria-label=\"Vue du centre auditif Gottschalk Roccourt\" role=\"img\" ><\/div>\n\t\t\t\t\t\t\t\t\t\t\t<div class=\"elementor-gallery-item__overlay\"><\/div>\n\t\t\t\t\t\t\t\t\t\t\t\t\t\t<\/a>\n\t\t\t\t\t<\/div>\n\t\t\t<\/div>\n\t\t\t\t<\/div>\n\t\t\t\t\t<\/div>\n\t\t<\/div>\n\t\t\t\t\t<\/div>\n\t\t<\/section>\n\t\t\t\t<section class=\"has_ae_slider elementor-section elementor-top-section elementor-element elementor-element-544548d elementor-section-boxed elementor-section-height-default elementor-section-height-default ae-bg-gallery-type-default\" data-id=\"544548d\" data-element_type=\"section\">\n\t\t\t\t\t\t<div class=\"elementor-container elementor-column-gap-default\">\n\t\t\t\t\t<div class=\"has_ae_slider elementor-column elementor-col-50 elementor-top-column elementor-element elementor-element-38b1d2a ae-bg-gallery-type-default\" data-id=\"38b1d2a\" data-element_type=\"column\">\n\t\t\t<div class=\"elementor-widget-wrap elementor-element-populated\">\n\t\t\t\t\t\t<div class=\"elementor-element elementor-element-a84daef elementor-widget elementor-widget-heading\" data-id=\"a84daef\" data-element_type=\"widget\" data-widget_type=\"heading.default\">\n\t\t\t\t<div class=\"elementor-widget-container\">\n\t\t\t<h2 class=\"elementor-heading-title elementor-size-default\">Le saviez-vous ?<\/h2>\t\t<\/div>\n\t\t\t\t<\/div>\n\t\t\t\t<div class=\"elementor-element elementor-element-c4e31ce elementor-widget elementor-widget-text-editor\" data-id=\"c4e31ce\" data-element_type=\"widget\" data-widget_type=\"text-editor.default\">\n\t\t\t\t<div class=\"elementor-widget-container\">\n\t\t\t\t\t\t\t<p>Notre centre auditif Gottschalk Rocourt n\u2019est pas seulement l\u00e0 pour vous accueillir, mais abrite \u00e9galement notre si\u00e8ge administratif. En arri\u00e8re de la partie d\u00e9di\u00e9e \u00e0 accueillir nos patients, se trouvent effectivement les bureaux occup\u00e9s par le secr\u00e9tariat et notre technicienne. C\u2019est ici que B\u00e9n\u00e9dicte, Muriel, Aurore et Cynthia vous r\u00e9pondent avec plaisir au t\u00e9l\u00e9phone afin de vous fixer rendez-vous.<\/p><p>C\u2019est \u00e9galement dans notre centre auditif Gottschalk de Rocourt que tous vos dossiers transitent et sont trait\u00e9s.<\/p><div id=\"ConnectiveDocSignExtentionInstalled\" data-extension-version=\"1.0.4\">\u00a0<\/div>\t\t\t\t\t\t<\/div>\n\t\t\t\t<\/div>\n\t\t\t\t\t<\/div>\n\t\t<\/div>\n\t\t\t\t<div class=\"has_ae_slider elementor-column elementor-col-50 elementor-top-column elementor-element elementor-element-1e652c3 ae-bg-gallery-type-default\" data-id=\"1e652c3\" data-element_type=\"column\">\n\t\t\t<div class=\"elementor-widget-wrap elementor-element-populated\">\n\t\t\t\t\t\t<div class=\"elementor-element elementor-element-bcb96a3 elementor-widget elementor-widget-image\" data-id=\"bcb96a3\" data-element_type=\"widget\" data-widget_type=\"image.default\">\n\t\t\t\t<div class=\"elementor-widget-container\">\n\t\t\t\t\t\t\t\t\t\t\t\t\t<img decoding=\"async\" width=\"600\" height=\"800\" src=\"https:\/\/gottschalk.be\/wp-content\/uploads\/2022\/03\/gottshalk-roccourt-3.jpg\" class=\"attachment-large size-large wp-image-1613\" alt=\"Vue du centre auditif Gottschalk Roccourt\" srcset=\"https:\/\/gottschalk.be\/wp-content\/uploads\/2022\/03\/gottshalk-roccourt-3.jpg 600w, https:\/\/gottschalk.be\/wp-content\/uploads\/2022\/03\/gottshalk-roccourt-3-225x300.jpg 225w\" sizes=\"(max-width: 600px) 100vw, 600px\" \/>\t\t\t\t\t\t\t\t\t\t\t\t\t<\/div>\n\t\t\t\t<\/div>\n\t\t\t\t\t<\/div>\n\t\t<\/div>\n\t\t\t\t\t<\/div>\n\t\t<\/section>\n\t\t\t\t<section class=\"has_ae_slider elementor-section elementor-top-section elementor-element elementor-element-0a7882e elementor-reverse-tablet elementor-reverse-mobile elementor-section-boxed elementor-section-height-default elementor-section-height-default ae-bg-gallery-type-default\" data-id=\"0a7882e\" data-element_type=\"section\">\n\t\t\t\t\t\t<div class=\"elementor-container elementor-column-gap-default\">\n\t\t\t\t\t<div class=\"has_ae_slider elementor-column elementor-col-50 elementor-top-column elementor-element elementor-element-8dcd03f ae-bg-gallery-type-default\" data-id=\"8dcd03f\" data-element_type=\"column\">\n\t\t\t<div class=\"elementor-widget-wrap elementor-element-populated\">\n\t\t\t\t\t\t<div class=\"elementor-element elementor-element-3274b4b elementor-widget elementor-widget-image\" data-id=\"3274b4b\" data-element_type=\"widget\" data-widget_type=\"image.default\">\n\t\t\t\t<div class=\"elementor-widget-container\">\n\t\t\t\t\t\t\t\t\t\t\t\t\t<img decoding=\"async\" width=\"600\" height=\"800\" src=\"https:\/\/gottschalk.be\/wp-content\/uploads\/2022\/03\/gottshalk-roccourt-4.jpg\" class=\"attachment-large size-large wp-image-1611\" alt=\"Vue d&#039;une machine du centre auditif Gottschalk Roccourt\" srcset=\"https:\/\/gottschalk.be\/wp-content\/uploads\/2022\/03\/gottshalk-roccourt-4.jpg 600w, https:\/\/gottschalk.be\/wp-content\/uploads\/2022\/03\/gottshalk-roccourt-4-225x300.jpg 225w\" sizes=\"(max-width: 600px) 100vw, 600px\" \/>\t\t\t\t\t\t\t\t\t\t\t\t\t<\/div>\n\t\t\t\t<\/div>\n\t\t\t\t\t<\/div>\n\t\t<\/div>\n\t\t\t\t<div class=\"has_ae_slider elementor-column elementor-col-50 elementor-top-column elementor-element elementor-element-9ab03dc ae-bg-gallery-type-default\" data-id=\"9ab03dc\" data-element_type=\"column\">\n\t\t\t<div class=\"elementor-widget-wrap elementor-element-populated\">\n\t\t\t\t\t\t<div class=\"elementor-element elementor-element-0a3e3ff elementor-widget elementor-widget-heading\" data-id=\"0a3e3ff\" data-element_type=\"widget\" data-widget_type=\"heading.default\">\n\t\t\t\t<div class=\"elementor-widget-container\">\n\t\t\t<h2 class=\"elementor-heading-title elementor-size-default\">Une imprimante 3D, le futur dans vos oreilles !<\/h2>\t\t<\/div>\n\t\t\t\t<\/div>\n\t\t\t\t<div class=\"elementor-element elementor-element-8f092d5 elementor-widget elementor-widget-text-editor\" data-id=\"8f092d5\" data-element_type=\"widget\" data-widget_type=\"text-editor.default\">\n\t\t\t\t<div class=\"elementor-widget-container\">\n\t\t\t\t\t\t\t<p>Au centre auditif Gottschalk, nous cr\u00e9ons nous-m\u00eame des pi\u00e8ces d\u2019oreilles sur mesure pour vos appareils. C\u2019est gr\u00e2ce \u00e0 une imprimante 3D, mani\u00e9e par les mains expertes de notre technicienne, Muriel, que nous pouvons y parvenir.<\/p><div id=\"ConnectiveDocSignExtentionInstalled\" data-extension-version=\"1.0.4\">\u00a0<\/div>\t\t\t\t\t\t<\/div>\n\t\t\t\t<\/div>\n\t\t\t\t\t<\/div>\n\t\t<\/div>\n\t\t\t\t\t<\/div>\n\t\t<\/section>\n\t\t\t\t<section class=\"has_ae_slider elementor-section elementor-top-section elementor-element elementor-element-bedc1b9 elementor-reverse-mobile elementor-section-boxed elementor-section-height-default elementor-section-height-default ae-bg-gallery-type-default\" data-id=\"bedc1b9\" data-element_type=\"section\">\n\t\t\t\t\t\t<div class=\"elementor-container elementor-column-gap-default\">\n\t\t\t\t\t<div class=\"has_ae_slider elementor-column elementor-col-100 elementor-top-column elementor-element elementor-element-ba396db ae-bg-gallery-type-default\" data-id=\"ba396db\" data-element_type=\"column\">\n\t\t\t<div class=\"elementor-widget-wrap elementor-element-populated\">\n\t\t\t\t\t\t<div class=\"elementor-element elementor-element-72078bd elementor-widget elementor-widget-heading\" data-id=\"72078bd\" data-element_type=\"widget\" data-widget_type=\"heading.default\">\n\t\t\t\t<div class=\"elementor-widget-container\">\n\t\t\t<h2 class=\"elementor-heading-title elementor-size-default\">Une localisation id\u00e9ale !<\/h2>\t\t<\/div>\n\t\t\t\t<\/div>\n\t\t\t\t<div class=\"elementor-element elementor-element-6404a7f elementor-widget elementor-widget-text-editor\" data-id=\"6404a7f\" data-element_type=\"widget\" data-widget_type=\"text-editor.default\">\n\t\t\t\t<div class=\"elementor-widget-container\">\n\t\t\t\t\t\t\t<p>Proche des grands axes et \u00e0 deux pas du Cora, le centre auditif Gottschalk de Rocourt b\u00e9n\u00e9ficie d\u2019une place de choix et d\u2019un acc\u00e8s ais\u00e9 afin de permettre \u00e0 tous nos patients de nous trouver facilement.<\/p>\t\t\t\t\t\t<\/div>\n\t\t\t\t<\/div>\n\t\t\t\t<div class=\"elementor-element elementor-element-d086862 elementor-widget elementor-widget-heading\" data-id=\"d086862\" data-element_type=\"widget\" data-widget_type=\"heading.default\">\n\t\t\t\t<div class=\"elementor-widget-container\">\n\t\t\t<h2 class=\"elementor-heading-title elementor-size-default\">Un centre auditif, certes, mais pas uniquement !<\/h2>\t\t<\/div>\n\t\t\t\t<\/div>\n\t\t\t\t<div class=\"elementor-element elementor-element-0495f0e elementor-widget elementor-widget-text-editor\" data-id=\"0495f0e\" data-element_type=\"widget\" data-widget_type=\"text-editor.default\">\n\t\t\t\t<div class=\"elementor-widget-container\">\n\t\t\t\t\t\t\t<p>Vous l\u2019aurez compris\u00a0: le centre de Rocourt, en tant que si\u00e8ge administratif, est indispensable pour le bon fonctionnement de notre soci\u00e9t\u00e9. C\u2019est par l\u00e0 que tout passe et que tous nos collaborateurs se rejoignent afin de vous offrir le service le plus complet possible.<\/p><div id=\"ConnectiveDocSignExtentionInstalled\" data-extension-version=\"1.0.4\">\u00a0<\/div>\t\t\t\t\t\t<\/div>\n\t\t\t\t<\/div>\n\t\t\t\t<div class=\"elementor-element elementor-element-da508bc elementor-widget elementor-widget-image\" data-id=\"da508bc\" data-element_type=\"widget\" data-widget_type=\"image.default\">\n\t\t\t\t<div class=\"elementor-widget-container\">\n\t\t\t\t\t\t\t\t\t\t\t\t\t<img loading=\"lazy\" decoding=\"async\" width=\"800\" height=\"600\" src=\"https:\/\/gottschalk.be\/wp-content\/uploads\/2022\/03\/gottshalk-roccourt-1.jpg\" class=\"attachment-large size-large wp-image-1617\" alt=\"Vue du centre auditif Gottschalk Roccourt\" srcset=\"https:\/\/gottschalk.be\/wp-content\/uploads\/2022\/03\/gottshalk-roccourt-1.jpg 800w, https:\/\/gottschalk.be\/wp-content\/uploads\/2022\/03\/gottshalk-roccourt-1-300x225.jpg 300w, https:\/\/gottschalk.be\/wp-content\/uploads\/2022\/03\/gottshalk-roccourt-1-768x576.jpg 768w\" sizes=\"(max-width: 800px) 100vw, 800px\" \/>\t\t\t\t\t\t\t\t\t\t\t\t\t<\/div>\n\t\t\t\t<\/div>\n\t\t\t\t\t<\/div>\n\t\t<\/div>\n\t\t\t\t\t<\/div>\n\t\t<\/section>\n\t\t\t\t<\/div>\n\t\t","protected":false},"excerpt":{"rendered":"<p>Notre centre de Rocourt n\u2019est pas seulement l\u00e0 pour vous accueillir, mais abrite \u00e9galement notre si\u00e8ge administratif<\/p>\n","protected":false},"author":1,"featured_media":2705,"comment_status":"closed","ping_status":"closed","sticky":false,"template":"","format":"standard","meta":{"_acf_changed":false,"ocean_post_layout":"","ocean_both_sidebars_style":"","ocean_both_sidebars_content_width":0,"ocean_both_sidebars_sidebars_width":0,"ocean_sidebar":"0","ocean_second_sidebar":"0","ocean_disable_margins":"enable","ocean_add_body_class":"","ocean_shortcode_before_top_bar":"","ocean_shortcode_after_top_bar":"","ocean_shortcode_before_header":"","ocean_shortcode_after_header":"","ocean_has_shortcode":"","ocean_shortcode_after_title":"","ocean_shortcode_before_footer_widgets":"","ocean_shortcode_after_footer_widgets":"","ocean_shortcode_before_footer_bottom":"","ocean_shortcode_after_footer_bottom":"","ocean_display_top_bar":"default","ocean_display_header":"default","ocean_header_style":"","ocean_center_header_left_menu":"0","ocean_custom_header_template":"0","ocean_custom_logo":0,"ocean_custom_retina_logo":0,"ocean_custom_logo_max_width":0,"ocean_custom_logo_tablet_max_width":0,"ocean_custom_logo_mobile_max_width":0,"ocean_custom_logo_max_height":0,"ocean_custom_logo_tablet_max_height":0,"ocean_custom_logo_mobile_max_height":0,"ocean_header_custom_menu":"0","ocean_menu_typo_font_family":"0","ocean_menu_typo_font_subset":"","ocean_menu_typo_font_size":0,"ocean_menu_typo_font_size_tablet":0,"ocean_menu_typo_font_size_mobile":0,"ocean_menu_typo_font_size_unit":"px","ocean_menu_typo_font_weight":"","ocean_menu_typo_font_weight_tablet":"","ocean_menu_typo_font_weight_mobile":"","ocean_menu_typo_transform":"","ocean_menu_typo_transform_tablet":"","ocean_menu_typo_transform_mobile":"","ocean_menu_typo_line_height":0,"ocean_menu_typo_line_height_tablet":0,"ocean_menu_typo_line_height_mobile":0,"ocean_menu_typo_line_height_unit":"","ocean_menu_typo_spacing":0,"ocean_menu_typo_spacing_tablet":0,"ocean_menu_typo_spacing_mobile":0,"ocean_menu_typo_spacing_unit":"","ocean_menu_link_color":"","ocean_menu_link_color_hover":"","ocean_menu_link_color_active":"","ocean_menu_link_background":"","ocean_menu_link_hover_background":"","ocean_menu_link_active_background":"","ocean_menu_social_links_bg":"","ocean_menu_social_hover_links_bg":"","ocean_menu_social_links_color":"","ocean_menu_social_hover_links_color":"","ocean_disable_title":"default","ocean_disable_heading":"default","ocean_post_title":"","ocean_post_subheading":"","ocean_post_title_style":"","ocean_post_title_background_color":"","ocean_post_title_background":0,"ocean_post_title_bg_image_position":"","ocean_post_title_bg_image_attachment":"","ocean_post_title_bg_image_repeat":"","ocean_post_title_bg_image_size":"","ocean_post_title_height":0,"ocean_post_title_bg_overlay":0.5,"ocean_post_title_bg_overlay_color":"","ocean_disable_breadcrumbs":"default","ocean_breadcrumbs_color":"","ocean_breadcrumbs_separator_color":"","ocean_breadcrumbs_links_color":"","ocean_breadcrumbs_links_hover_color":"","ocean_display_footer_widgets":"default","ocean_display_footer_bottom":"default","ocean_custom_footer_template":"0","ocean_post_oembed":"","ocean_post_self_hosted_media":"","ocean_post_video_embed":"","ocean_link_format":"","ocean_link_format_target":"self","ocean_quote_format":"","ocean_quote_format_link":"post","ocean_gallery_link_images":"off","ocean_gallery_id":[],"footnotes":""},"categories":[1],"tags":[],"class_list":["post-1606","post","type-post","status-publish","format-standard","has-post-thumbnail","hentry","category-non-classifiee","entry","has-media"],"acf":[],"_links":{"self":[{"href":"https:\/\/gottschalk.be\/fr\/wp-json\/wp\/v2\/posts\/1606","targetHints":{"allow":["GET"]}}],"collection":[{"href":"https:\/\/gottschalk.be\/fr\/wp-json\/wp\/v2\/posts"}],"about":[{"href":"https:\/\/gottschalk.be\/fr\/wp-json\/wp\/v2\/types\/post"}],"author":[{"embeddable":true,"href":"https:\/\/gottschalk.be\/fr\/wp-json\/wp\/v2\/users\/1"}],"replies":[{"embeddable":true,"href":"https:\/\/gottschalk.be\/fr\/wp-json\/wp\/v2\/comments?post=1606"}],"version-history":[{"count":0,"href":"https:\/\/gottschalk.be\/fr\/wp-json\/wp\/v2\/posts\/1606\/revisions"}],"wp:featuredmedia":[{"embeddable":true,"href":"https:\/\/gottschalk.be\/fr\/wp-json\/wp\/v2\/media\/2705"}],"wp:attachment":[{"href":"https:\/\/gottschalk.be\/fr\/wp-json\/wp\/v2\/media?parent=1606"}],"wp:term":[{"taxonomy":"category","embeddable":true,"href":"https:\/\/gottschalk.be\/fr\/wp-json\/wp\/v2\/categories?post=1606"},{"taxonomy":"post_tag","embeddable":true,"href":"https:\/\/gottschalk.be\/fr\/wp-json\/wp\/v2\/tags?post=1606"}],"curies":[{"name":"wp","href":"https:\/\/api.w.org\/{rel}","templated":true}]}}